{"id":29579,"date":"2022-09-12T13:05:19","date_gmt":"2022-09-12T11:05:19","guid":{"rendered":"https:\/\/www.ig.cas.cz\/?p=29579"},"modified":"2023-07-04T11:08:04","modified_gmt":"2023-07-04T09:08:04","slug":"joint-seminar-on-friday-september-16th","status":"publish","type":"post","link":"https:\/\/www.ig.cas.cz\/en\/joint-seminar-on-friday-september-16th\/","title":{"rendered":"Joint seminar on Friday, September 16"},"content":{"rendered":"<p>On Friday, 16th September, Surface Processes &amp; Palaeoclimate team organizes a&nbsp;joint seminar with the &#8220;Earth Surface Processes Modelling&#8221; group from GFZ Potsdam (GFZ German Research Centre for Geosciences).<\/p>\n<p>Where: GF\u00da Lecture Hall<br \/>\nFor details, please contact: Greg Ruetenik (<a href=\"mailto:warsitzka@ig.cas.cz\">ruetenik@ig.cas.cz<\/a>)<\/p>\n<p>14:30 &#8211; 15:00 Prokop Z\u00e1vada (Dynamics of Orogens &amp; Rock Deformation, GF\u00da): The impact of melt on the rheology of lower crustal rocks and style of exhumation of subducted continental crust during Variscan collision (with a&nbsp;look at their state-of-the-art analog modeling experiments)<br \/>\n15:15 &#8211; 16:00 Jean Braun: What controls the height of mountain belts? (abstract bellow)<\/p>\n<p>Jean Braun, GFZ Potsdam<br \/>\nSebastian Wolf and Ritske Huismans, University of Bergen<br \/>\nXiaoping Yuan, China University of Geosciences, Wuhan<br \/>\nThis question has been at the core of much debate since strong links and feedbacks between tectonics, erosion and climate have been postulated in the early 1990\u2019s. Based on the results of large, state-of-the-art and coupled numerical models of tectonic deformation and erosional processes, I&nbsp;will demonstrate that the controls are a&nbsp;combination of three factors that can be factored into a&nbsp;new dimensionless number, the Beaumont number (Bm). These are: convergence velocity, erosional efficiency (and hence climate) and crustal strength. I&nbsp;will also show that mountains belts are of three types, depending on their value of Bm: the height of small Bm (or Type 3) mountain belts is controlled by erosion (and thus climate), whereas large Bm (or Type 1) mountain belts have reached their crustal strength-controlled maximum height. The two types differ also by their widening rate: Type 1 mountains accommodate shortening by widening, while Type 3 mountains have reached topographic and flux steady-state and maintain a&nbsp;constant width. There exists an intermediary type of mountain belts (Type 2, with Bm~0.5) that have reached their strength-controlled height but do not widen. We show that the Bm value and thus the type of all mountain belts can be derived from simple observations, such as convergence velocity, mountain height and widening rate. This, in turn, can be used to determine the relative contribution of each of the three controlling factors for each mountain belt, thus finally answering the question of what controls mountain height on Earth. Finally, we show how the three types of mountain belts behave after shortening stops and demonstrate that erosional efficiency is the dominant parameter that controls old mountain belt longevity.<\/p>\n","protected":false},"excerpt":{"rendered":"<p>On Friday, 16th September, Surface Processes &amp; Palaeoclimate team organizes a&nbsp;joint seminar with the &#8220;Earth Surface Processes Modelling&#8221; group from GFZ Potsdam (GFZ German Research Centre for Geosciences). Where: GF\u00da Lecture Hall For details, please contact: Greg Ruetenik (ruetenik@ig.cas.cz) 14:30 &#8211; 15:00 Prokop Z\u00e1vada (Dynamics of Orogens &amp; Rock Deformation, GF\u00da): The impact of melt [&hellip;]<\/p>\n","protected":false},"author":28,"featured_media":0,"comment_status":"closed","ping_status":"closed","sticky":false,"template":"","format":"standard","meta":{"_et_pb_use_builder":"","_et_pb_old_content":"","_et_gb_content_width":"","footnotes":""},"categories":[124],"tags":[],"class_list":["post-29579","post","type-post","status-publish","format-standard","hentry","category-lectures-eng"],"yoast_head":"<!-- This site is optimized with the Yoast SEO plugin v25.9 - https:\/\/yoast.com\/wordpress\/plugins\/seo\/ -->\n<title>Joint seminar on Friday, September 16 - Geofyzik\u00e1ln\u00ed \u00fastav Akademie v\u011bd \u010cR, v.v.i.<\/title>\n<meta name=\"robots\" content=\"index, follow, max-snippet:-1, max-image-preview:large, max-video-preview:-1\" \/>\n<link rel=\"canonical\" href=\"https:\/\/www.ig.cas.cz\/en\/joint-seminar-on-friday-september-16th\/\" \/>\n<meta property=\"og:locale\" content=\"en_US\" \/>\n<meta property=\"og:type\" content=\"article\" \/>\n<meta property=\"og:title\" content=\"Joint seminar on Friday, September 16 - Geofyzik\u00e1ln\u00ed \u00fastav Akademie v\u011bd \u010cR, v.v.i.\" \/>\n<meta property=\"og:description\" content=\"On Friday, 16th September, Surface Processes &amp; Palaeoclimate team organizes a&nbsp;joint seminar with the &#8220;Earth Surface Processes Modelling&#8221; group from GFZ Potsdam (GFZ German Research Centre for Geosciences). Where: GF\u00da Lecture Hall For details, please contact: Greg Ruetenik (ruetenik@ig.cas.cz) 14:30 &#8211; 15:00 Prokop Z\u00e1vada (Dynamics of Orogens &amp; Rock Deformation, GF\u00da): The impact of melt [&hellip;]\" \/>\n<meta property=\"og:url\" content=\"https:\/\/www.ig.cas.cz\/en\/joint-seminar-on-friday-september-16th\/\" \/>\n<meta property=\"og:site_name\" content=\"Dom\u016f\" \/>\n<meta property=\"article:publisher\" content=\"https:\/\/www.facebook.com\/GFUAVCR\/\" \/>\n<meta property=\"article:published_time\" content=\"2022-09-12T11:05:19+00:00\" \/>\n<meta property=\"article:modified_time\" content=\"2023-07-04T09:08:04+00:00\" \/>\n<meta name=\"author\" content=\"Katerina Voracova\" \/>\n<meta name=\"twitter:card\" content=\"summary_large_image\" \/>\n<meta name=\"twitter:label1\" content=\"Written by\" \/>\n\t<meta name=\"twitter:data1\" content=\"Katerina Voracova\" \/>\n\t<meta name=\"twitter:label2\" content=\"Est. reading time\" \/>\n\t<meta name=\"twitter:data2\" content=\"2 minutes\" \/>\n<script type=\"application\/ld+json\" class=\"yoast-schema-graph\">{\"@context\":\"https:\/\/schema.org\",\"@graph\":[{\"@type\":\"WebPage\",\"@id\":\"https:\/\/www.ig.cas.cz\/en\/joint-seminar-on-friday-september-16th\/\",\"url\":\"https:\/\/www.ig.cas.cz\/en\/joint-seminar-on-friday-september-16th\/\",\"name\":\"Joint seminar on Friday, September 16 - Geofyzik\u00e1ln\u00ed \u00fastav Akademie v\u011bd \u010cR, v.v.i.\",\"isPartOf\":{\"@id\":\"https:\/\/www.ig.cas.cz\/#website\"},\"datePublished\":\"2022-09-12T11:05:19+00:00\",\"dateModified\":\"2023-07-04T09:08:04+00:00\",\"author\":{\"@id\":\"https:\/\/www.ig.cas.cz\/#\/schema\/person\/35ac166fad12e1b9438323cf7d1403e5\"},\"breadcrumb\":{\"@id\":\"https:\/\/www.ig.cas.cz\/en\/joint-seminar-on-friday-september-16th\/#breadcrumb\"},\"inLanguage\":\"en-US\",\"potentialAction\":[{\"@type\":\"ReadAction\",\"target\":[\"https:\/\/www.ig.cas.cz\/en\/joint-seminar-on-friday-september-16th\/\"]}]},{\"@type\":\"BreadcrumbList\",\"@id\":\"https:\/\/www.ig.cas.cz\/en\/joint-seminar-on-friday-september-16th\/#breadcrumb\",\"itemListElement\":[{\"@type\":\"ListItem\",\"position\":1,\"name\":\"Dom\u016f\",\"item\":\"https:\/\/www.ig.cas.cz\/en\/\"},{\"@type\":\"ListItem\",\"position\":2,\"name\":\"Joint seminar on Friday, September 16\"}]},{\"@type\":\"WebSite\",\"@id\":\"https:\/\/www.ig.cas.cz\/#website\",\"url\":\"https:\/\/www.ig.cas.cz\/\",\"name\":\"Dom\u016f\",\"description\":\"Geofyzik\u00e1ln\u00ed \u00fastav Akademie v\u011bd \u010cR, v.v.i.\",\"potentialAction\":[{\"@type\":\"SearchAction\",\"target\":{\"@type\":\"EntryPoint\",\"urlTemplate\":\"https:\/\/www.ig.cas.cz\/?s={search_term_string}\"},\"query-input\":{\"@type\":\"PropertyValueSpecification\",\"valueRequired\":true,\"valueName\":\"search_term_string\"}}],\"inLanguage\":\"en-US\"},{\"@type\":\"Person\",\"@id\":\"https:\/\/www.ig.cas.cz\/#\/schema\/person\/35ac166fad12e1b9438323cf7d1403e5\",\"name\":\"Katerina Voracova\",\"url\":\"https:\/\/www.ig.cas.cz\/en\/author\/voracova\/\"}]}<\/script>\n<!-- \/ Yoast SEO plugin. -->","yoast_head_json":{"title":"Joint seminar on Friday, September 16 - Geofyzik\u00e1ln\u00ed \u00fastav Akademie v\u011bd \u010cR, v.v.i.","robots":{"index":"index","follow":"follow","max-snippet":"max-snippet:-1","max-image-preview":"max-image-preview:large","max-video-preview":"max-video-preview:-1"},"canonical":"https:\/\/www.ig.cas.cz\/en\/joint-seminar-on-friday-september-16th\/","og_locale":"en_US","og_type":"article","og_title":"Joint seminar on Friday, September 16 - Geofyzik\u00e1ln\u00ed \u00fastav Akademie v\u011bd \u010cR, v.v.i.","og_description":"On Friday, 16th September, Surface Processes &amp; Palaeoclimate team organizes a&nbsp;joint seminar with the &#8220;Earth Surface Processes Modelling&#8221; group from GFZ Potsdam (GFZ German Research Centre for Geosciences). Where: GF\u00da Lecture Hall For details, please contact: Greg Ruetenik (ruetenik@ig.cas.cz) 14:30 &#8211; 15:00 Prokop Z\u00e1vada (Dynamics of Orogens &amp; Rock Deformation, GF\u00da): The impact of melt [&hellip;]","og_url":"https:\/\/www.ig.cas.cz\/en\/joint-seminar-on-friday-september-16th\/","og_site_name":"Dom\u016f","article_publisher":"https:\/\/www.facebook.com\/GFUAVCR\/","article_published_time":"2022-09-12T11:05:19+00:00","article_modified_time":"2023-07-04T09:08:04+00:00","author":"Katerina Voracova","twitter_card":"summary_large_image","twitter_misc":{"Written by":"Katerina Voracova","Est. reading time":"2 minutes"},"schema":{"@context":"https:\/\/schema.org","@graph":[{"@type":"WebPage","@id":"https:\/\/www.ig.cas.cz\/en\/joint-seminar-on-friday-september-16th\/","url":"https:\/\/www.ig.cas.cz\/en\/joint-seminar-on-friday-september-16th\/","name":"Joint seminar on Friday, September 16 - Geofyzik\u00e1ln\u00ed \u00fastav Akademie v\u011bd \u010cR, v.v.i.","isPartOf":{"@id":"https:\/\/www.ig.cas.cz\/#website"},"datePublished":"2022-09-12T11:05:19+00:00","dateModified":"2023-07-04T09:08:04+00:00","author":{"@id":"https:\/\/www.ig.cas.cz\/#\/schema\/person\/35ac166fad12e1b9438323cf7d1403e5"},"breadcrumb":{"@id":"https:\/\/www.ig.cas.cz\/en\/joint-seminar-on-friday-september-16th\/#breadcrumb"},"inLanguage":"en-US","potentialAction":[{"@type":"ReadAction","target":["https:\/\/www.ig.cas.cz\/en\/joint-seminar-on-friday-september-16th\/"]}]},{"@type":"BreadcrumbList","@id":"https:\/\/www.ig.cas.cz\/en\/joint-seminar-on-friday-september-16th\/#breadcrumb","itemListElement":[{"@type":"ListItem","position":1,"name":"Dom\u016f","item":"https:\/\/www.ig.cas.cz\/en\/"},{"@type":"ListItem","position":2,"name":"Joint seminar on Friday, September 16"}]},{"@type":"WebSite","@id":"https:\/\/www.ig.cas.cz\/#website","url":"https:\/\/www.ig.cas.cz\/","name":"Dom\u016f","description":"Geofyzik\u00e1ln\u00ed \u00fastav Akademie v\u011bd \u010cR, v.v.i.","potentialAction":[{"@type":"SearchAction","target":{"@type":"EntryPoint","urlTemplate":"https:\/\/www.ig.cas.cz\/?s={search_term_string}"},"query-input":{"@type":"PropertyValueSpecification","valueRequired":true,"valueName":"search_term_string"}}],"inLanguage":"en-US"},{"@type":"Person","@id":"https:\/\/www.ig.cas.cz\/#\/schema\/person\/35ac166fad12e1b9438323cf7d1403e5","name":"Katerina Voracova","url":"https:\/\/www.ig.cas.cz\/en\/author\/voracova\/"}]}},"_links":{"self":[{"href":"https:\/\/www.ig.cas.cz\/en\/wp-json\/wp\/v2\/posts\/29579","targetHints":{"allow":["GET"]}}],"collection":[{"href":"https:\/\/www.ig.cas.cz\/en\/wp-json\/wp\/v2\/posts"}],"about":[{"href":"https:\/\/www.ig.cas.cz\/en\/wp-json\/wp\/v2\/types\/post"}],"author":[{"embeddable":true,"href":"https:\/\/www.ig.cas.cz\/en\/wp-json\/wp\/v2\/users\/28"}],"replies":[{"embeddable":true,"href":"https:\/\/www.ig.cas.cz\/en\/wp-json\/wp\/v2\/comments?post=29579"}],"version-history":[{"count":0,"href":"https:\/\/www.ig.cas.cz\/en\/wp-json\/wp\/v2\/posts\/29579\/revisions"}],"wp:attachment":[{"href":"https:\/\/www.ig.cas.cz\/en\/wp-json\/wp\/v2\/media?parent=29579"}],"wp:term":[{"taxonomy":"category","embeddable":true,"href":"https:\/\/www.ig.cas.cz\/en\/wp-json\/wp\/v2\/categories?post=29579"},{"taxonomy":"post_tag","embeddable":true,"href":"https:\/\/www.ig.cas.cz\/en\/wp-json\/wp\/v2\/tags?post=29579"}],"curies":[{"name":"wp","href":"https:\/\/api.w.org\/{rel}","templated":true}]}}