{"id":38564,"date":"2024-06-04T15:26:46","date_gmt":"2024-06-04T13:26:46","guid":{"rendered":"https:\/\/www.ig.cas.cz\/?p=38564"},"modified":"2024-06-04T16:52:17","modified_gmt":"2024-06-04T14:52:17","slug":"workshop-on-the-extent-and-longevity-of-magmatic-mush-happened-at-gfu-last-week","status":"publish","type":"post","link":"https:\/\/www.ig.cas.cz\/en\/workshop-on-the-extent-and-longevity-of-magmatic-mush-happened-at-gfu-last-week\/","title":{"rendered":"Workshop on the Extent and Longevity of Magmatic Mush happened at GF\u00da last week"},"content":{"rendered":"<p>On the 30th and 31st of May, GF\u00da hosted an international workshop on the Extent and Longevity of Magmatic Mush organized by Catherine Annen (<a href=\"https:\/\/www.ig.cas.cz\/en\/research\/teams\/volcanic-and-magmatic-processes\/\">Volcanic and Magmatic Processes<\/a>) and Prokop Z\u00e1vada (<a href=\"https:\/\/www.ig.cas.cz\/en\/research\/teams\/dynamics-orogens-rock-deformation\/\">Dynamics of orogens and rock deformation<\/a>). It was attended by an interdisciplinary group of 24 scientists from seven countries and three continents whose career stages range from master students to emeritus professor Steve Sparks. The participants presented their research, discussed the dynamics of magmatic mush and how they are linked to large volcanic eruptions and to mineral deposits. Scientists did not stay only with the computers, but visited the laboratory of fluid dynamics (Tectonic modelling laboratory by Prokop Z\u00e1vada), and observed the experiments made on mush at GF\u00da.<\/p>\n<p>&nbsp;<\/p>\n<p><img loading=\"lazy\" decoding=\"async\" class=\"aligncenter wp-image-38565 size-large\" src=\"https:\/\/www.ig.cas.cz\/wp-content\/uploads\/2024\/06\/img20240530174043-1024x768.jpg\" alt=\"\" width=\"1024\" height=\"768\" srcset=\"https:\/\/www.ig.cas.cz\/wp-content\/uploads\/2024\/06\/img20240530174043-980x735.jpg 980w, https:\/\/www.ig.cas.cz\/wp-content\/uploads\/2024\/06\/img20240530174043-480x360.jpg 480w\" sizes=\"(min-width: 0px) and (max-width: 480px) 480px, (min-width: 481px) and (max-width: 980px) 980px, (min-width: 981px) 1024px, 100vw\" \/><\/p>\n<p style=\"text-align: center;\"><em>GF\u00da lecture hall<\/em><\/p>\n<p><img loading=\"lazy\" decoding=\"async\" class=\"aligncenter wp-image-38567 size-large\" src=\"https:\/\/www.ig.cas.cz\/wp-content\/uploads\/2024\/06\/img20240531174813-1024x768.jpg\" alt=\"\" width=\"1024\" height=\"768\" srcset=\"https:\/\/www.ig.cas.cz\/wp-content\/uploads\/2024\/06\/img20240531174813-980x735.jpg 980w, https:\/\/www.ig.cas.cz\/wp-content\/uploads\/2024\/06\/img20240531174813-480x360.jpg 480w\" sizes=\"(min-width: 0px) and (max-width: 480px) 480px, (min-width: 481px) and (max-width: 980px) 980px, (min-width: 981px) 1024px, 100vw\" \/><\/p>\n<p style=\"text-align: center;\"><em>Tectonic modelling laboratory<\/em><\/p>\n<p>&nbsp;<\/p>\n","protected":false},"excerpt":{"rendered":"<p>On the 30th and 31st of May, GF\u00da hosted an international workshop on the Extent and Longevity of Magmatic Mush organized by Catherine Annen (Volcanic and Magmatic Processes) and Prokop Z\u00e1vada (Dynamics of orogens and rock deformation). It was attended by an interdisciplinary group of 24 scientists from seven countries and three continents whose career [&hellip;]<\/p>\n","protected":false},"author":28,"featured_media":0,"comment_status":"closed","ping_status":"closed","sticky":false,"template":"","format":"standard","meta":{"_et_pb_use_builder":"","_et_pb_old_content":"","_et_gb_content_width":"","footnotes":""},"categories":[125],"tags":[],"class_list":["post-38564","post","type-post","status-publish","format-standard","hentry","category-research-eng"],"yoast_head":"<!-- This site is optimized with the Yoast SEO plugin v25.9 - https:\/\/yoast.com\/wordpress\/plugins\/seo\/ -->\n<title>Workshop on the Extent and Longevity of Magmatic Mush happened at GF\u00da last week - Geofyzik\u00e1ln\u00ed \u00fastav Akademie v\u011bd \u010cR, v.v.i.<\/title>\n<meta name=\"robots\" content=\"index, follow, max-snippet:-1, max-image-preview:large, max-video-preview:-1\" \/>\n<link rel=\"canonical\" href=\"https:\/\/www.ig.cas.cz\/en\/workshop-on-the-extent-and-longevity-of-magmatic-mush-happened-at-gfu-last-week\/\" \/>\n<meta property=\"og:locale\" content=\"en_US\" \/>\n<meta property=\"og:type\" content=\"article\" \/>\n<meta property=\"og:title\" content=\"Workshop on the Extent and Longevity of Magmatic Mush happened at GF\u00da last week - Geofyzik\u00e1ln\u00ed \u00fastav Akademie v\u011bd \u010cR, v.v.i.\" \/>\n<meta property=\"og:description\" content=\"On the 30th and 31st of May, GF\u00da hosted an international workshop on the Extent and Longevity of Magmatic Mush organized by Catherine Annen (Volcanic and Magmatic Processes) and Prokop Z\u00e1vada (Dynamics of orogens and rock deformation). It was attended by an interdisciplinary group of 24 scientists from seven countries and three continents whose career [&hellip;]\" \/>\n<meta property=\"og:url\" content=\"https:\/\/www.ig.cas.cz\/en\/workshop-on-the-extent-and-longevity-of-magmatic-mush-happened-at-gfu-last-week\/\" \/>\n<meta property=\"og:site_name\" content=\"Dom\u016f\" \/>\n<meta property=\"article:publisher\" content=\"https:\/\/www.facebook.com\/GFUAVCR\/\" \/>\n<meta property=\"article:published_time\" content=\"2024-06-04T13:26:46+00:00\" \/>\n<meta property=\"article:modified_time\" content=\"2024-06-04T14:52:17+00:00\" \/>\n<meta property=\"og:image\" content=\"https:\/\/www.ig.cas.cz\/wp-content\/uploads\/2024\/06\/img20240530174043-1024x768.jpg\" \/>\n<meta name=\"author\" content=\"Katerina Voracova\" \/>\n<meta name=\"twitter:card\" content=\"summary_large_image\" \/>\n<meta name=\"twitter:label1\" content=\"Written by\" \/>\n\t<meta name=\"twitter:data1\" content=\"Katerina Voracova\" \/>\n\t<meta name=\"twitter:label2\" content=\"Est. reading time\" \/>\n\t<meta name=\"twitter:data2\" content=\"2 minutes\" \/>\n<script type=\"application\/ld+json\" class=\"yoast-schema-graph\">{\"@context\":\"https:\/\/schema.org\",\"@graph\":[{\"@type\":\"WebPage\",\"@id\":\"https:\/\/www.ig.cas.cz\/en\/workshop-on-the-extent-and-longevity-of-magmatic-mush-happened-at-gfu-last-week\/\",\"url\":\"https:\/\/www.ig.cas.cz\/en\/workshop-on-the-extent-and-longevity-of-magmatic-mush-happened-at-gfu-last-week\/\",\"name\":\"Workshop on the Extent and Longevity of Magmatic Mush happened at GF\u00da last week - Geofyzik\u00e1ln\u00ed \u00fastav Akademie v\u011bd \u010cR, v.v.i.\",\"isPartOf\":{\"@id\":\"https:\/\/www.ig.cas.cz\/#website\"},\"primaryImageOfPage\":{\"@id\":\"https:\/\/www.ig.cas.cz\/en\/workshop-on-the-extent-and-longevity-of-magmatic-mush-happened-at-gfu-last-week\/#primaryimage\"},\"image\":{\"@id\":\"https:\/\/www.ig.cas.cz\/en\/workshop-on-the-extent-and-longevity-of-magmatic-mush-happened-at-gfu-last-week\/#primaryimage\"},\"thumbnailUrl\":\"https:\/\/www.ig.cas.cz\/wp-content\/uploads\/2024\/06\/img20240530174043-1024x768.jpg\",\"datePublished\":\"2024-06-04T13:26:46+00:00\",\"dateModified\":\"2024-06-04T14:52:17+00:00\",\"author\":{\"@id\":\"https:\/\/www.ig.cas.cz\/#\/schema\/person\/35ac166fad12e1b9438323cf7d1403e5\"},\"breadcrumb\":{\"@id\":\"https:\/\/www.ig.cas.cz\/en\/workshop-on-the-extent-and-longevity-of-magmatic-mush-happened-at-gfu-last-week\/#breadcrumb\"},\"inLanguage\":\"en-US\",\"potentialAction\":[{\"@type\":\"ReadAction\",\"target\":[\"https:\/\/www.ig.cas.cz\/en\/workshop-on-the-extent-and-longevity-of-magmatic-mush-happened-at-gfu-last-week\/\"]}]},{\"@type\":\"ImageObject\",\"inLanguage\":\"en-US\",\"@id\":\"https:\/\/www.ig.cas.cz\/en\/workshop-on-the-extent-and-longevity-of-magmatic-mush-happened-at-gfu-last-week\/#primaryimage\",\"url\":\"https:\/\/www.ig.cas.cz\/wp-content\/uploads\/2024\/06\/img20240530174043-1024x768.jpg\",\"contentUrl\":\"https:\/\/www.ig.cas.cz\/wp-content\/uploads\/2024\/06\/img20240530174043-1024x768.jpg\"},{\"@type\":\"BreadcrumbList\",\"@id\":\"https:\/\/www.ig.cas.cz\/en\/workshop-on-the-extent-and-longevity-of-magmatic-mush-happened-at-gfu-last-week\/#breadcrumb\",\"itemListElement\":[{\"@type\":\"ListItem\",\"position\":1,\"name\":\"Dom\u016f\",\"item\":\"https:\/\/www.ig.cas.cz\/en\/\"},{\"@type\":\"ListItem\",\"position\":2,\"name\":\"Workshop on the Extent and Longevity of Magmatic Mush happened at GF\u00da last week\"}]},{\"@type\":\"WebSite\",\"@id\":\"https:\/\/www.ig.cas.cz\/#website\",\"url\":\"https:\/\/www.ig.cas.cz\/\",\"name\":\"Dom\u016f\",\"description\":\"Geofyzik\u00e1ln\u00ed \u00fastav Akademie v\u011bd \u010cR, v.v.i.\",\"potentialAction\":[{\"@type\":\"SearchAction\",\"target\":{\"@type\":\"EntryPoint\",\"urlTemplate\":\"https:\/\/www.ig.cas.cz\/?s={search_term_string}\"},\"query-input\":{\"@type\":\"PropertyValueSpecification\",\"valueRequired\":true,\"valueName\":\"search_term_string\"}}],\"inLanguage\":\"en-US\"},{\"@type\":\"Person\",\"@id\":\"https:\/\/www.ig.cas.cz\/#\/schema\/person\/35ac166fad12e1b9438323cf7d1403e5\",\"name\":\"Katerina Voracova\",\"url\":\"https:\/\/www.ig.cas.cz\/en\/author\/voracova\/\"}]}<\/script>\n<!-- \/ Yoast SEO plugin. -->","yoast_head_json":{"title":"Workshop on the Extent and Longevity of Magmatic Mush happened at GF\u00da last week - Geofyzik\u00e1ln\u00ed \u00fastav Akademie v\u011bd \u010cR, v.v.i.","robots":{"index":"index","follow":"follow","max-snippet":"max-snippet:-1","max-image-preview":"max-image-preview:large","max-video-preview":"max-video-preview:-1"},"canonical":"https:\/\/www.ig.cas.cz\/en\/workshop-on-the-extent-and-longevity-of-magmatic-mush-happened-at-gfu-last-week\/","og_locale":"en_US","og_type":"article","og_title":"Workshop on the Extent and Longevity of Magmatic Mush happened at GF\u00da last week - Geofyzik\u00e1ln\u00ed \u00fastav Akademie v\u011bd \u010cR, v.v.i.","og_description":"On the 30th and 31st of May, GF\u00da hosted an international workshop on the Extent and Longevity of Magmatic Mush organized by Catherine Annen (Volcanic and Magmatic Processes) and Prokop Z\u00e1vada (Dynamics of orogens and rock deformation). It was attended by an interdisciplinary group of 24 scientists from seven countries and three continents whose career [&hellip;]","og_url":"https:\/\/www.ig.cas.cz\/en\/workshop-on-the-extent-and-longevity-of-magmatic-mush-happened-at-gfu-last-week\/","og_site_name":"Dom\u016f","article_publisher":"https:\/\/www.facebook.com\/GFUAVCR\/","article_published_time":"2024-06-04T13:26:46+00:00","article_modified_time":"2024-06-04T14:52:17+00:00","og_image":[{"url":"https:\/\/www.ig.cas.cz\/wp-content\/uploads\/2024\/06\/img20240530174043-1024x768.jpg","type":"","width":"","height":""}],"author":"Katerina Voracova","twitter_card":"summary_large_image","twitter_misc":{"Written by":"Katerina Voracova","Est. reading time":"2 minutes"},"schema":{"@context":"https:\/\/schema.org","@graph":[{"@type":"WebPage","@id":"https:\/\/www.ig.cas.cz\/en\/workshop-on-the-extent-and-longevity-of-magmatic-mush-happened-at-gfu-last-week\/","url":"https:\/\/www.ig.cas.cz\/en\/workshop-on-the-extent-and-longevity-of-magmatic-mush-happened-at-gfu-last-week\/","name":"Workshop on the Extent and Longevity of Magmatic Mush happened at GF\u00da last week - Geofyzik\u00e1ln\u00ed \u00fastav Akademie v\u011bd \u010cR, v.v.i.","isPartOf":{"@id":"https:\/\/www.ig.cas.cz\/#website"},"primaryImageOfPage":{"@id":"https:\/\/www.ig.cas.cz\/en\/workshop-on-the-extent-and-longevity-of-magmatic-mush-happened-at-gfu-last-week\/#primaryimage"},"image":{"@id":"https:\/\/www.ig.cas.cz\/en\/workshop-on-the-extent-and-longevity-of-magmatic-mush-happened-at-gfu-last-week\/#primaryimage"},"thumbnailUrl":"https:\/\/www.ig.cas.cz\/wp-content\/uploads\/2024\/06\/img20240530174043-1024x768.jpg","datePublished":"2024-06-04T13:26:46+00:00","dateModified":"2024-06-04T14:52:17+00:00","author":{"@id":"https:\/\/www.ig.cas.cz\/#\/schema\/person\/35ac166fad12e1b9438323cf7d1403e5"},"breadcrumb":{"@id":"https:\/\/www.ig.cas.cz\/en\/workshop-on-the-extent-and-longevity-of-magmatic-mush-happened-at-gfu-last-week\/#breadcrumb"},"inLanguage":"en-US","potentialAction":[{"@type":"ReadAction","target":["https:\/\/www.ig.cas.cz\/en\/workshop-on-the-extent-and-longevity-of-magmatic-mush-happened-at-gfu-last-week\/"]}]},{"@type":"ImageObject","inLanguage":"en-US","@id":"https:\/\/www.ig.cas.cz\/en\/workshop-on-the-extent-and-longevity-of-magmatic-mush-happened-at-gfu-last-week\/#primaryimage","url":"https:\/\/www.ig.cas.cz\/wp-content\/uploads\/2024\/06\/img20240530174043-1024x768.jpg","contentUrl":"https:\/\/www.ig.cas.cz\/wp-content\/uploads\/2024\/06\/img20240530174043-1024x768.jpg"},{"@type":"BreadcrumbList","@id":"https:\/\/www.ig.cas.cz\/en\/workshop-on-the-extent-and-longevity-of-magmatic-mush-happened-at-gfu-last-week\/#breadcrumb","itemListElement":[{"@type":"ListItem","position":1,"name":"Dom\u016f","item":"https:\/\/www.ig.cas.cz\/en\/"},{"@type":"ListItem","position":2,"name":"Workshop on the Extent and Longevity of Magmatic Mush happened at GF\u00da last week"}]},{"@type":"WebSite","@id":"https:\/\/www.ig.cas.cz\/#website","url":"https:\/\/www.ig.cas.cz\/","name":"Dom\u016f","description":"Geofyzik\u00e1ln\u00ed \u00fastav Akademie v\u011bd \u010cR, v.v.i.","potentialAction":[{"@type":"SearchAction","target":{"@type":"EntryPoint","urlTemplate":"https:\/\/www.ig.cas.cz\/?s={search_term_string}"},"query-input":{"@type":"PropertyValueSpecification","valueRequired":true,"valueName":"search_term_string"}}],"inLanguage":"en-US"},{"@type":"Person","@id":"https:\/\/www.ig.cas.cz\/#\/schema\/person\/35ac166fad12e1b9438323cf7d1403e5","name":"Katerina Voracova","url":"https:\/\/www.ig.cas.cz\/en\/author\/voracova\/"}]}},"_links":{"self":[{"href":"https:\/\/www.ig.cas.cz\/en\/wp-json\/wp\/v2\/posts\/38564","targetHints":{"allow":["GET"]}}],"collection":[{"href":"https:\/\/www.ig.cas.cz\/en\/wp-json\/wp\/v2\/posts"}],"about":[{"href":"https:\/\/www.ig.cas.cz\/en\/wp-json\/wp\/v2\/types\/post"}],"author":[{"embeddable":true,"href":"https:\/\/www.ig.cas.cz\/en\/wp-json\/wp\/v2\/users\/28"}],"replies":[{"embeddable":true,"href":"https:\/\/www.ig.cas.cz\/en\/wp-json\/wp\/v2\/comments?post=38564"}],"version-history":[{"count":1,"href":"https:\/\/www.ig.cas.cz\/en\/wp-json\/wp\/v2\/posts\/38564\/revisions"}],"predecessor-version":[{"id":38569,"href":"https:\/\/www.ig.cas.cz\/en\/wp-json\/wp\/v2\/posts\/38564\/revisions\/38569"}],"wp:attachment":[{"href":"https:\/\/www.ig.cas.cz\/en\/wp-json\/wp\/v2\/media?parent=38564"}],"wp:term":[{"taxonomy":"category","embeddable":true,"href":"https:\/\/www.ig.cas.cz\/en\/wp-json\/wp\/v2\/categories?post=38564"},{"taxonomy":"post_tag","embeddable":true,"href":"https:\/\/www.ig.cas.cz\/en\/wp-json\/wp\/v2\/tags?post=38564"}],"curies":[{"name":"wp","href":"https:\/\/api.w.org\/{rel}","templated":true}]}}