{"id":41066,"date":"2025-03-21T09:04:26","date_gmt":"2025-03-21T08:04:26","guid":{"rendered":"https:\/\/www.ig.cas.cz\/?p=41066"},"modified":"2025-03-21T10:08:38","modified_gmt":"2025-03-21T09:08:38","slug":"seminarni-cyklus-jaro-2025-dynamicka-planeta-zeme","status":"publish","type":"post","link":"https:\/\/www.ig.cas.cz\/en\/seminarni-cyklus-jaro-2025-dynamicka-planeta-zeme\/","title":{"rendered":"Seminar Series Spring 2025 \u2013 Dynamic Planet Earth"},"content":{"rendered":"<p id=\"tw-target-text\" class=\"tw-data-text tw-text-large tw-ta\" dir=\"ltr\" data-placeholder=\"P\u0159eklad\" data-ved=\"2ahUKEwjQgoKT3JqMAxWjgf0HHcUHNWUQ3ewLegQICBAW\" aria-label=\"P\u0159elo\u017een\u00fd text: The Dynamic Planet Earth program is launching a spring series of seminars for the general public and students, in cooperation with Charles University. At each seminar, we will present specific results from teams from the Academy of Sciences and the views of leading world experts. \ud83d\udccd Venue: Institute of Geology and Paleontology, Albertov 6 \ud83d\udcc5 Dates: 2. 4., 9. 4., 23. 4. 2025 \ud83d\udd52 Time: 14:50 We look forward to your participation. Contact:\"><strong><span class=\"Y2IQFc\" lang=\"en\">The Dynamic Planet Earth program is introducing a&nbsp;spring series of seminars for the general public and students, in cooperation with Charles University. At each seminar, we will present specific results from teams from the Academy of Sciences and the views of leading world experts. <\/span><\/strong><\/p>\n<p>&nbsp;<\/p>\n<p>\ud83d\udccd Venue: <span class=\"Y2IQFc\" lang=\"en\">Institute of Geology and Paleontology,<\/span>\u00a0Albertov 6<\/p>\n<p>\ud83d\udcc5 Dates: 2.&nbsp;4., 9.&nbsp;4., 23.&nbsp;4.&nbsp;2025<\/p>\n<p>\ud83d\udd52 Time: 14:50<\/p>\n<p id=\"tw-target-text\" class=\"tw-data-text tw-text-large tw-ta\" dir=\"ltr\" data-placeholder=\"P\u0159eklad\" data-ved=\"2ahUKEwjQgoKT3JqMAxWjgf0HHcUHNWUQ3ewLegQICBAW\" aria-label=\"P\u0159elo\u017een\u00fd text: The Dynamic Planet Earth program is launching a spring series of seminars for the general public and students, in cooperation with Charles University. At each seminar, we will present specific results from teams from the Academy of Sciences and the views of leading world experts. \ud83d\udccd Venue: Institute of Geology and Paleontology, Albertov 6 \ud83d\udcc5 Dates: 2. 4., 9. 4., 23. 4. 2025 \ud83d\udd52 Time: 14:50 We look forward to your participation. Contact:\"><span class=\"Y2IQFc\" lang=\"en\">We look forward to your participation.<\/span><\/p>\n<p>Contact:<\/p>\n<p>David Uli\u010dn\u00fd (GF\u00da AVCR \/ P\u0159FUK) ulicny@ig.cas.cz<\/p>\n<p>Caroline Fenske (GF\u00da AVCR) fenske@ig.cas.cz<\/p>\n<p>&nbsp;<\/p>\n","protected":false},"excerpt":{"rendered":"<p>The Dynamic Planet Earth program is introducing a&nbsp;spring series of seminars for the general public and students, in cooperation with Charles University. At each seminar, we will present specific results from teams from the Academy of Sciences and the views of leading world experts. &nbsp; \ud83d\udccd Venue: Institute of Geology and Paleontology,\u00a0Albertov 6 \ud83d\udcc5 Dates: [&hellip;]<\/p>\n","protected":false},"author":32,"featured_media":41069,"comment_status":"closed","ping_status":"closed","sticky":false,"template":"","format":"standard","meta":{"_et_pb_use_builder":"","_et_pb_old_content":"","_et_gb_content_width":"","footnotes":""},"categories":[124],"tags":[],"class_list":["post-41066","post","type-post","status-publish","format-standard","has-post-thumbnail","hentry","category-lectures-eng"],"yoast_head":"<!-- This site is optimized with the Yoast SEO plugin v25.9 - https:\/\/yoast.com\/wordpress\/plugins\/seo\/ -->\n<title>Seminar Series Spring 2025 \u2013 Dynamic Planet Earth - Geofyzik\u00e1ln\u00ed \u00fastav Akademie v\u011bd \u010cR, v.v.i.<\/title>\n<meta name=\"robots\" content=\"index, follow, max-snippet:-1, max-image-preview:large, max-video-preview:-1\" \/>\n<link rel=\"canonical\" href=\"https:\/\/www.ig.cas.cz\/en\/seminarni-cyklus-jaro-2025-dynamicka-planeta-zeme\/\" \/>\n<meta property=\"og:locale\" content=\"en_US\" \/>\n<meta property=\"og:type\" content=\"article\" \/>\n<meta property=\"og:title\" content=\"Seminar Series Spring 2025 \u2013 Dynamic Planet Earth - Geofyzik\u00e1ln\u00ed \u00fastav Akademie v\u011bd \u010cR, v.v.i.\" \/>\n<meta property=\"og:description\" content=\"The Dynamic Planet Earth program is introducing a&nbsp;spring series of seminars for the general public and students, in cooperation with Charles University. At each seminar, we will present specific results from teams from the Academy of Sciences and the views of leading world experts. &nbsp; \ud83d\udccd Venue: Institute of Geology and Paleontology,\u00a0Albertov 6 \ud83d\udcc5 Dates: [&hellip;]\" \/>\n<meta property=\"og:url\" content=\"https:\/\/www.ig.cas.cz\/en\/seminarni-cyklus-jaro-2025-dynamicka-planeta-zeme\/\" \/>\n<meta property=\"og:site_name\" content=\"Dom\u016f\" \/>\n<meta property=\"article:publisher\" content=\"https:\/\/www.facebook.com\/GFUAVCR\/\" \/>\n<meta property=\"article:published_time\" content=\"2025-03-21T08:04:26+00:00\" \/>\n<meta property=\"article:modified_time\" content=\"2025-03-21T09:08:38+00:00\" \/>\n<meta property=\"og:image\" content=\"https:\/\/www.ig.cas.cz\/wp-content\/uploads\/2025\/03\/seminarni-cyklus-jaro25-strategie-ls-pro-pdf-1800-final-scaled.jpg\" \/>\n\t<meta property=\"og:image:width\" content=\"2560\" \/>\n\t<meta property=\"og:image:height\" content=\"1810\" \/>\n\t<meta property=\"og:image:type\" content=\"image\/jpeg\" \/>\n<meta name=\"author\" content=\"Lucie Crippa\" \/>\n<meta name=\"twitter:card\" content=\"summary_large_image\" \/>\n<meta name=\"twitter:label1\" content=\"Written by\" \/>\n\t<meta name=\"twitter:data1\" content=\"Lucie Crippa\" \/>\n\t<meta name=\"twitter:label2\" content=\"Est. reading time\" \/>\n\t<meta name=\"twitter:data2\" content=\"1 minute\" \/>\n<script type=\"application\/ld+json\" class=\"yoast-schema-graph\">{\"@context\":\"https:\/\/schema.org\",\"@graph\":[{\"@type\":\"WebPage\",\"@id\":\"https:\/\/www.ig.cas.cz\/en\/seminarni-cyklus-jaro-2025-dynamicka-planeta-zeme\/\",\"url\":\"https:\/\/www.ig.cas.cz\/en\/seminarni-cyklus-jaro-2025-dynamicka-planeta-zeme\/\",\"name\":\"Seminar Series Spring 2025 \u2013 Dynamic Planet Earth - Geofyzik\u00e1ln\u00ed \u00fastav Akademie v\u011bd \u010cR, v.v.i.\",\"isPartOf\":{\"@id\":\"https:\/\/www.ig.cas.cz\/#website\"},\"primaryImageOfPage\":{\"@id\":\"https:\/\/www.ig.cas.cz\/en\/seminarni-cyklus-jaro-2025-dynamicka-planeta-zeme\/#primaryimage\"},\"image\":{\"@id\":\"https:\/\/www.ig.cas.cz\/en\/seminarni-cyklus-jaro-2025-dynamicka-planeta-zeme\/#primaryimage\"},\"thumbnailUrl\":\"https:\/\/www.ig.cas.cz\/wp-content\/uploads\/2025\/03\/seminarni-cyklus-jaro25-strategie-ls-pro-pdf-1800-final-scaled.jpg\",\"datePublished\":\"2025-03-21T08:04:26+00:00\",\"dateModified\":\"2025-03-21T09:08:38+00:00\",\"author\":{\"@id\":\"https:\/\/www.ig.cas.cz\/#\/schema\/person\/79bf33ef91a2f289567fba1d2a66ba44\"},\"breadcrumb\":{\"@id\":\"https:\/\/www.ig.cas.cz\/en\/seminarni-cyklus-jaro-2025-dynamicka-planeta-zeme\/#breadcrumb\"},\"inLanguage\":\"en-US\",\"potentialAction\":[{\"@type\":\"ReadAction\",\"target\":[\"https:\/\/www.ig.cas.cz\/en\/seminarni-cyklus-jaro-2025-dynamicka-planeta-zeme\/\"]}]},{\"@type\":\"ImageObject\",\"inLanguage\":\"en-US\",\"@id\":\"https:\/\/www.ig.cas.cz\/en\/seminarni-cyklus-jaro-2025-dynamicka-planeta-zeme\/#primaryimage\",\"url\":\"https:\/\/www.ig.cas.cz\/wp-content\/uploads\/2025\/03\/seminarni-cyklus-jaro25-strategie-ls-pro-pdf-1800-final-scaled.jpg\",\"contentUrl\":\"https:\/\/www.ig.cas.cz\/wp-content\/uploads\/2025\/03\/seminarni-cyklus-jaro25-strategie-ls-pro-pdf-1800-final-scaled.jpg\",\"width\":2560,\"height\":1810},{\"@type\":\"BreadcrumbList\",\"@id\":\"https:\/\/www.ig.cas.cz\/en\/seminarni-cyklus-jaro-2025-dynamicka-planeta-zeme\/#breadcrumb\",\"itemListElement\":[{\"@type\":\"ListItem\",\"position\":1,\"name\":\"Dom\u016f\",\"item\":\"https:\/\/www.ig.cas.cz\/en\/\"},{\"@type\":\"ListItem\",\"position\":2,\"name\":\"Seminar Series Spring 2025 \u2013 Dynamic Planet Earth\"}]},{\"@type\":\"WebSite\",\"@id\":\"https:\/\/www.ig.cas.cz\/#website\",\"url\":\"https:\/\/www.ig.cas.cz\/\",\"name\":\"Dom\u016f\",\"description\":\"Geofyzik\u00e1ln\u00ed \u00fastav Akademie v\u011bd \u010cR, v.v.i.\",\"potentialAction\":[{\"@type\":\"SearchAction\",\"target\":{\"@type\":\"EntryPoint\",\"urlTemplate\":\"https:\/\/www.ig.cas.cz\/?s={search_term_string}\"},\"query-input\":{\"@type\":\"PropertyValueSpecification\",\"valueRequired\":true,\"valueName\":\"search_term_string\"}}],\"inLanguage\":\"en-US\"},{\"@type\":\"Person\",\"@id\":\"https:\/\/www.ig.cas.cz\/#\/schema\/person\/79bf33ef91a2f289567fba1d2a66ba44\",\"name\":\"Lucie Crippa\",\"url\":\"https:\/\/www.ig.cas.cz\/en\/author\/crippa\/\"}]}<\/script>\n<!-- \/ Yoast SEO plugin. -->","yoast_head_json":{"title":"Seminar Series Spring 2025 \u2013 Dynamic Planet Earth - Geofyzik\u00e1ln\u00ed \u00fastav Akademie v\u011bd \u010cR, v.v.i.","robots":{"index":"index","follow":"follow","max-snippet":"max-snippet:-1","max-image-preview":"max-image-preview:large","max-video-preview":"max-video-preview:-1"},"canonical":"https:\/\/www.ig.cas.cz\/en\/seminarni-cyklus-jaro-2025-dynamicka-planeta-zeme\/","og_locale":"en_US","og_type":"article","og_title":"Seminar Series Spring 2025 \u2013 Dynamic Planet Earth - Geofyzik\u00e1ln\u00ed \u00fastav Akademie v\u011bd \u010cR, v.v.i.","og_description":"The Dynamic Planet Earth program is introducing a&nbsp;spring series of seminars for the general public and students, in cooperation with Charles University. At each seminar, we will present specific results from teams from the Academy of Sciences and the views of leading world experts. &nbsp; \ud83d\udccd Venue: Institute of Geology and Paleontology,\u00a0Albertov 6 \ud83d\udcc5 Dates: [&hellip;]","og_url":"https:\/\/www.ig.cas.cz\/en\/seminarni-cyklus-jaro-2025-dynamicka-planeta-zeme\/","og_site_name":"Dom\u016f","article_publisher":"https:\/\/www.facebook.com\/GFUAVCR\/","article_published_time":"2025-03-21T08:04:26+00:00","article_modified_time":"2025-03-21T09:08:38+00:00","og_image":[{"width":2560,"height":1810,"url":"https:\/\/www.ig.cas.cz\/wp-content\/uploads\/2025\/03\/seminarni-cyklus-jaro25-strategie-ls-pro-pdf-1800-final-scaled.jpg","type":"image\/jpeg"}],"author":"Lucie Crippa","twitter_card":"summary_large_image","twitter_misc":{"Written by":"Lucie Crippa","Est. reading time":"1 minute"},"schema":{"@context":"https:\/\/schema.org","@graph":[{"@type":"WebPage","@id":"https:\/\/www.ig.cas.cz\/en\/seminarni-cyklus-jaro-2025-dynamicka-planeta-zeme\/","url":"https:\/\/www.ig.cas.cz\/en\/seminarni-cyklus-jaro-2025-dynamicka-planeta-zeme\/","name":"Seminar Series Spring 2025 \u2013 Dynamic Planet Earth - Geofyzik\u00e1ln\u00ed \u00fastav Akademie v\u011bd \u010cR, v.v.i.","isPartOf":{"@id":"https:\/\/www.ig.cas.cz\/#website"},"primaryImageOfPage":{"@id":"https:\/\/www.ig.cas.cz\/en\/seminarni-cyklus-jaro-2025-dynamicka-planeta-zeme\/#primaryimage"},"image":{"@id":"https:\/\/www.ig.cas.cz\/en\/seminarni-cyklus-jaro-2025-dynamicka-planeta-zeme\/#primaryimage"},"thumbnailUrl":"https:\/\/www.ig.cas.cz\/wp-content\/uploads\/2025\/03\/seminarni-cyklus-jaro25-strategie-ls-pro-pdf-1800-final-scaled.jpg","datePublished":"2025-03-21T08:04:26+00:00","dateModified":"2025-03-21T09:08:38+00:00","author":{"@id":"https:\/\/www.ig.cas.cz\/#\/schema\/person\/79bf33ef91a2f289567fba1d2a66ba44"},"breadcrumb":{"@id":"https:\/\/www.ig.cas.cz\/en\/seminarni-cyklus-jaro-2025-dynamicka-planeta-zeme\/#breadcrumb"},"inLanguage":"en-US","potentialAction":[{"@type":"ReadAction","target":["https:\/\/www.ig.cas.cz\/en\/seminarni-cyklus-jaro-2025-dynamicka-planeta-zeme\/"]}]},{"@type":"ImageObject","inLanguage":"en-US","@id":"https:\/\/www.ig.cas.cz\/en\/seminarni-cyklus-jaro-2025-dynamicka-planeta-zeme\/#primaryimage","url":"https:\/\/www.ig.cas.cz\/wp-content\/uploads\/2025\/03\/seminarni-cyklus-jaro25-strategie-ls-pro-pdf-1800-final-scaled.jpg","contentUrl":"https:\/\/www.ig.cas.cz\/wp-content\/uploads\/2025\/03\/seminarni-cyklus-jaro25-strategie-ls-pro-pdf-1800-final-scaled.jpg","width":2560,"height":1810},{"@type":"BreadcrumbList","@id":"https:\/\/www.ig.cas.cz\/en\/seminarni-cyklus-jaro-2025-dynamicka-planeta-zeme\/#breadcrumb","itemListElement":[{"@type":"ListItem","position":1,"name":"Dom\u016f","item":"https:\/\/www.ig.cas.cz\/en\/"},{"@type":"ListItem","position":2,"name":"Seminar Series Spring 2025 \u2013 Dynamic Planet Earth"}]},{"@type":"WebSite","@id":"https:\/\/www.ig.cas.cz\/#website","url":"https:\/\/www.ig.cas.cz\/","name":"Dom\u016f","description":"Geofyzik\u00e1ln\u00ed \u00fastav Akademie v\u011bd \u010cR, v.v.i.","potentialAction":[{"@type":"SearchAction","target":{"@type":"EntryPoint","urlTemplate":"https:\/\/www.ig.cas.cz\/?s={search_term_string}"},"query-input":{"@type":"PropertyValueSpecification","valueRequired":true,"valueName":"search_term_string"}}],"inLanguage":"en-US"},{"@type":"Person","@id":"https:\/\/www.ig.cas.cz\/#\/schema\/person\/79bf33ef91a2f289567fba1d2a66ba44","name":"Lucie Crippa","url":"https:\/\/www.ig.cas.cz\/en\/author\/crippa\/"}]}},"_links":{"self":[{"href":"https:\/\/www.ig.cas.cz\/en\/wp-json\/wp\/v2\/posts\/41066","targetHints":{"allow":["GET"]}}],"collection":[{"href":"https:\/\/www.ig.cas.cz\/en\/wp-json\/wp\/v2\/posts"}],"about":[{"href":"https:\/\/www.ig.cas.cz\/en\/wp-json\/wp\/v2\/types\/post"}],"author":[{"embeddable":true,"href":"https:\/\/www.ig.cas.cz\/en\/wp-json\/wp\/v2\/users\/32"}],"replies":[{"embeddable":true,"href":"https:\/\/www.ig.cas.cz\/en\/wp-json\/wp\/v2\/comments?post=41066"}],"version-history":[{"count":5,"href":"https:\/\/www.ig.cas.cz\/en\/wp-json\/wp\/v2\/posts\/41066\/revisions"}],"predecessor-version":[{"id":41078,"href":"https:\/\/www.ig.cas.cz\/en\/wp-json\/wp\/v2\/posts\/41066\/revisions\/41078"}],"wp:featuredmedia":[{"embeddable":true,"href":"https:\/\/www.ig.cas.cz\/en\/wp-json\/wp\/v2\/media\/41069"}],"wp:attachment":[{"href":"https:\/\/www.ig.cas.cz\/en\/wp-json\/wp\/v2\/media?parent=41066"}],"wp:term":[{"taxonomy":"category","embeddable":true,"href":"https:\/\/www.ig.cas.cz\/en\/wp-json\/wp\/v2\/categories?post=41066"},{"taxonomy":"post_tag","embeddable":true,"href":"https:\/\/www.ig.cas.cz\/en\/wp-json\/wp\/v2\/tags?post=41066"}],"curies":[{"name":"wp","href":"https:\/\/api.w.org\/{rel}","templated":true}]}}