{"id":43723,"date":"2026-02-23T13:11:18","date_gmt":"2026-02-23T12:11:18","guid":{"rendered":"https:\/\/www.ig.cas.cz\/?p=43723"},"modified":"2026-02-23T13:11:18","modified_gmt":"2026-02-23T12:11:18","slug":"exhibition-opening-24-2-anna-banytiuk-i-carry-my-home-with-me","status":"publish","type":"post","link":"https:\/\/www.ig.cas.cz\/en\/exhibition-opening-24-2-anna-banytiuk-i-carry-my-home-with-me\/","title":{"rendered":"Exhibition Opening 24.&nbsp;2. \u2013 Anna Banytiuk: I&nbsp;Carry My Home With Me"},"content":{"rendered":"<p data-start=\"0\" data-end=\"102\">You are cordially invited to the opening of the exhibition <strong data-start=\"59\" data-end=\"101\">Anna Banytiuk: I&nbsp;Carry My Home With Me<\/strong>.<\/p>\n<p data-start=\"104\" data-end=\"233\">The opening will take place on <strong data-start=\"135\" data-end=\"177\">Tuesday, February 24, 2026, at 5:00 PM<\/strong> in the lecture hall of the <strong data-start=\"205\" data-end=\"232\">Institute of Geophysics<\/strong>.<\/p>\n<p class=\"\">Anna Banytiuk (*2001, Kharkiv, Ukraine) is a&nbsp;young visual artist based in Prague. In her work, she focuses on capturing space, its distortion, and perspectives from unusual angles. She works with a&nbsp;wide range of media, from watercolors and traditional graphic techniques to large-scale paintings. Her pieces often reflect personal experiences of the war in Ukraine and life in exile, characterized by strong emotional depth and profound introspection.<\/p>\n<p class=\"\">She is currently studying at the Academy of Fine Arts in Prague (AVU) and has participated in projects such as the comic book <em>When It Began<\/em> and the exhibition <em>Freedom Despite<\/em>. Her work serves not only as a&nbsp;personal statement but also as an effort to preserve cultural identity and share stories that might otherwise go unnoticed.<\/p>\n<p data-start=\"235\" data-end=\"328\" data-is-last-node=\"\" data-is-only-node=\"\">The exhibition will be open to the public on weekdays from <strong data-start=\"294\" data-end=\"327\">February 25 to April 30, 2026<\/strong>.<\/p>\n<p data-start=\"235\" data-end=\"328\" data-is-last-node=\"\" data-is-only-node=\"\"><img loading=\"lazy\" decoding=\"async\" class=\"aligncenter wp-image-43681 size-large\" src=\"https:\/\/www.ig.cas.cz\/wp-content\/uploads\/2026\/02\/anna-banytiuk-gfu-2026-02-24-723x1024.jpg\" alt=\"\" width=\"723\" height=\"1024\" \/><\/p>\n","protected":false},"excerpt":{"rendered":"<p>You are cordially invited to the opening of the exhibition Anna Banytiuk: I&nbsp;Carry My Home With Me. The opening will take place on Tuesday, February 24, 2026, at 5:00 PM&nbsp;in the lecture hall of the Institute of Geophysics. Anna Banytiuk (*2001, Kharkiv, Ukraine) is a&nbsp;young visual artist based in Prague. In her [&hellip;]<\/p>\n","protected":false},"author":32,"featured_media":0,"comment_status":"closed","ping_status":"closed","sticky":false,"template":"","format":"standard","meta":{"_et_pb_use_builder":"on","_et_pb_old_content":"","_et_gb_content_width":"","footnotes":""},"categories":[128],"tags":[],"class_list":["post-43723","post","type-post","status-publish","format-standard","hentry","category-uncategorized-cs-en"],"yoast_head":"<!-- This site is optimized with the Yoast SEO plugin v25.9 - https:\/\/yoast.com\/wordpress\/plugins\/seo\/ -->\n<title>Exhibition Opening 24. 2. \u2013 Anna Banytiuk: I Carry My Home With Me - Geofyzik\u00e1ln\u00ed \u00fastav Akademie v\u011bd \u010cR, v.v.i.<\/title>\n<meta name=\"robots\" content=\"index, follow, max-snippet:-1, max-image-preview:large, max-video-preview:-1\" \/>\n<link rel=\"canonical\" href=\"https:\/\/www.ig.cas.cz\/en\/exhibition-opening-24-2-anna-banytiuk-i-carry-my-home-with-me\/\" \/>\n<meta property=\"og:locale\" content=\"en_US\" \/>\n<meta property=\"og:type\" content=\"article\" \/>\n<meta property=\"og:title\" content=\"Exhibition Opening 24. 2. \u2013 Anna Banytiuk: I Carry My Home With Me - Geofyzik\u00e1ln\u00ed \u00fastav Akademie v\u011bd \u010cR, v.v.i.\" \/>\n<meta property=\"og:description\" content=\"You are cordially invited to the opening of the exhibition Anna Banytiuk: I Carry My Home With Me. The opening will take place on Tuesday, February 24, 2026, at 5:00 PM in the lecture hall of the Institute of Geophysics. Anna Banytiuk (*2001, Kharkiv, Ukraine) is a young visual artist based in Prague. In her [&hellip;]\" \/>\n<meta property=\"og:url\" content=\"https:\/\/www.ig.cas.cz\/en\/exhibition-opening-24-2-anna-banytiuk-i-carry-my-home-with-me\/\" \/>\n<meta property=\"og:site_name\" content=\"Dom\u016f\" \/>\n<meta property=\"article:publisher\" content=\"https:\/\/www.facebook.com\/GFUAVCR\/\" \/>\n<meta property=\"article:published_time\" content=\"2026-02-23T12:11:18+00:00\" \/>\n<meta property=\"og:image\" content=\"https:\/\/www.ig.cas.cz\/wp-content\/uploads\/2026\/02\/anna-banytiuk-gfu-2026-02-24.jpg\" \/>\n\t<meta property=\"og:image:width\" content=\"1200\" \/>\n\t<meta property=\"og:image:height\" content=\"1700\" \/>\n\t<meta property=\"og:image:type\" content=\"image\/jpeg\" \/>\n<meta name=\"author\" content=\"Lucie Crippa\" \/>\n<meta name=\"twitter:card\" content=\"summary_large_image\" \/>\n<meta name=\"twitter:label1\" content=\"Written by\" \/>\n\t<meta name=\"twitter:data1\" content=\"Lucie Crippa\" \/>\n\t<meta name=\"twitter:label2\" content=\"Est. reading time\" \/>\n\t<meta name=\"twitter:data2\" content=\"2 minutes\" \/>\n<script type=\"application\/ld+json\" class=\"yoast-schema-graph\">{\"@context\":\"https:\/\/schema.org\",\"@graph\":[{\"@type\":\"WebPage\",\"@id\":\"https:\/\/www.ig.cas.cz\/en\/exhibition-opening-24-2-anna-banytiuk-i-carry-my-home-with-me\/\",\"url\":\"https:\/\/www.ig.cas.cz\/en\/exhibition-opening-24-2-anna-banytiuk-i-carry-my-home-with-me\/\",\"name\":\"Exhibition Opening 24. 2. \u2013 Anna Banytiuk: I Carry My Home With Me - Geofyzik\u00e1ln\u00ed \u00fastav Akademie v\u011bd \u010cR, v.v.i.\",\"isPartOf\":{\"@id\":\"https:\/\/www.ig.cas.cz\/#website\"},\"primaryImageOfPage\":{\"@id\":\"https:\/\/www.ig.cas.cz\/en\/exhibition-opening-24-2-anna-banytiuk-i-carry-my-home-with-me\/#primaryimage\"},\"image\":{\"@id\":\"https:\/\/www.ig.cas.cz\/en\/exhibition-opening-24-2-anna-banytiuk-i-carry-my-home-with-me\/#primaryimage\"},\"thumbnailUrl\":\"https:\/\/www.ig.cas.cz\/wp-content\/uploads\/2026\/02\/anna-banytiuk-gfu-2026-02-24-723x1024.jpg\",\"datePublished\":\"2026-02-23T12:11:18+00:00\",\"author\":{\"@id\":\"https:\/\/www.ig.cas.cz\/#\/schema\/person\/79bf33ef91a2f289567fba1d2a66ba44\"},\"breadcrumb\":{\"@id\":\"https:\/\/www.ig.cas.cz\/en\/exhibition-opening-24-2-anna-banytiuk-i-carry-my-home-with-me\/#breadcrumb\"},\"inLanguage\":\"en-US\",\"potentialAction\":[{\"@type\":\"ReadAction\",\"target\":[\"https:\/\/www.ig.cas.cz\/en\/exhibition-opening-24-2-anna-banytiuk-i-carry-my-home-with-me\/\"]}]},{\"@type\":\"ImageObject\",\"inLanguage\":\"en-US\",\"@id\":\"https:\/\/www.ig.cas.cz\/en\/exhibition-opening-24-2-anna-banytiuk-i-carry-my-home-with-me\/#primaryimage\",\"url\":\"https:\/\/www.ig.cas.cz\/wp-content\/uploads\/2026\/02\/anna-banytiuk-gfu-2026-02-24-723x1024.jpg\",\"contentUrl\":\"https:\/\/www.ig.cas.cz\/wp-content\/uploads\/2026\/02\/anna-banytiuk-gfu-2026-02-24-723x1024.jpg\"},{\"@type\":\"BreadcrumbList\",\"@id\":\"https:\/\/www.ig.cas.cz\/en\/exhibition-opening-24-2-anna-banytiuk-i-carry-my-home-with-me\/#breadcrumb\",\"itemListElement\":[{\"@type\":\"ListItem\",\"position\":1,\"name\":\"Dom\u016f\",\"item\":\"https:\/\/www.ig.cas.cz\/en\/\"},{\"@type\":\"ListItem\",\"position\":2,\"name\":\"Exhibition Opening 24.&nbsp;2. \u2013 Anna Banytiuk: I&nbsp;Carry My Home With Me\"}]},{\"@type\":\"WebSite\",\"@id\":\"https:\/\/www.ig.cas.cz\/#website\",\"url\":\"https:\/\/www.ig.cas.cz\/\",\"name\":\"Dom\u016f\",\"description\":\"Geofyzik\u00e1ln\u00ed \u00fastav Akademie v\u011bd \u010cR, v.v.i.\",\"potentialAction\":[{\"@type\":\"SearchAction\",\"target\":{\"@type\":\"EntryPoint\",\"urlTemplate\":\"https:\/\/www.ig.cas.cz\/?s={search_term_string}\"},\"query-input\":{\"@type\":\"PropertyValueSpecification\",\"valueRequired\":true,\"valueName\":\"search_term_string\"}}],\"inLanguage\":\"en-US\"},{\"@type\":\"Person\",\"@id\":\"https:\/\/www.ig.cas.cz\/#\/schema\/person\/79bf33ef91a2f289567fba1d2a66ba44\",\"name\":\"Lucie Crippa\",\"url\":\"https:\/\/www.ig.cas.cz\/en\/author\/crippa\/\"}]}<\/script>\n<!-- \/ Yoast SEO plugin. -->","yoast_head_json":{"title":"Exhibition Opening 24. 2. \u2013 Anna Banytiuk: I Carry My Home With Me - Geofyzik\u00e1ln\u00ed \u00fastav Akademie v\u011bd \u010cR, v.v.i.","robots":{"index":"index","follow":"follow","max-snippet":"max-snippet:-1","max-image-preview":"max-image-preview:large","max-video-preview":"max-video-preview:-1"},"canonical":"https:\/\/www.ig.cas.cz\/en\/exhibition-opening-24-2-anna-banytiuk-i-carry-my-home-with-me\/","og_locale":"en_US","og_type":"article","og_title":"Exhibition Opening 24. 2. \u2013 Anna Banytiuk: I Carry My Home With Me - Geofyzik\u00e1ln\u00ed \u00fastav Akademie v\u011bd \u010cR, v.v.i.","og_description":"You are cordially invited to the opening of the exhibition Anna Banytiuk: I Carry My Home With Me. The opening will take place on Tuesday, February 24, 2026, at 5:00 PM in the lecture hall of the Institute of Geophysics. Anna Banytiuk (*2001, Kharkiv, Ukraine) is a young visual artist based in Prague. In her [&hellip;]","og_url":"https:\/\/www.ig.cas.cz\/en\/exhibition-opening-24-2-anna-banytiuk-i-carry-my-home-with-me\/","og_site_name":"Dom\u016f","article_publisher":"https:\/\/www.facebook.com\/GFUAVCR\/","article_published_time":"2026-02-23T12:11:18+00:00","og_image":[{"width":1200,"height":1700,"url":"https:\/\/www.ig.cas.cz\/wp-content\/uploads\/2026\/02\/anna-banytiuk-gfu-2026-02-24.jpg","type":"image\/jpeg"}],"author":"Lucie Crippa","twitter_card":"summary_large_image","twitter_misc":{"Written by":"Lucie Crippa","Est. reading time":"2 minutes"},"schema":{"@context":"https:\/\/schema.org","@graph":[{"@type":"WebPage","@id":"https:\/\/www.ig.cas.cz\/en\/exhibition-opening-24-2-anna-banytiuk-i-carry-my-home-with-me\/","url":"https:\/\/www.ig.cas.cz\/en\/exhibition-opening-24-2-anna-banytiuk-i-carry-my-home-with-me\/","name":"Exhibition Opening 24. 2. \u2013 Anna Banytiuk: I Carry My Home With Me - Geofyzik\u00e1ln\u00ed \u00fastav Akademie v\u011bd \u010cR, v.v.i.","isPartOf":{"@id":"https:\/\/www.ig.cas.cz\/#website"},"primaryImageOfPage":{"@id":"https:\/\/www.ig.cas.cz\/en\/exhibition-opening-24-2-anna-banytiuk-i-carry-my-home-with-me\/#primaryimage"},"image":{"@id":"https:\/\/www.ig.cas.cz\/en\/exhibition-opening-24-2-anna-banytiuk-i-carry-my-home-with-me\/#primaryimage"},"thumbnailUrl":"https:\/\/www.ig.cas.cz\/wp-content\/uploads\/2026\/02\/anna-banytiuk-gfu-2026-02-24-723x1024.jpg","datePublished":"2026-02-23T12:11:18+00:00","author":{"@id":"https:\/\/www.ig.cas.cz\/#\/schema\/person\/79bf33ef91a2f289567fba1d2a66ba44"},"breadcrumb":{"@id":"https:\/\/www.ig.cas.cz\/en\/exhibition-opening-24-2-anna-banytiuk-i-carry-my-home-with-me\/#breadcrumb"},"inLanguage":"en-US","potentialAction":[{"@type":"ReadAction","target":["https:\/\/www.ig.cas.cz\/en\/exhibition-opening-24-2-anna-banytiuk-i-carry-my-home-with-me\/"]}]},{"@type":"ImageObject","inLanguage":"en-US","@id":"https:\/\/www.ig.cas.cz\/en\/exhibition-opening-24-2-anna-banytiuk-i-carry-my-home-with-me\/#primaryimage","url":"https:\/\/www.ig.cas.cz\/wp-content\/uploads\/2026\/02\/anna-banytiuk-gfu-2026-02-24-723x1024.jpg","contentUrl":"https:\/\/www.ig.cas.cz\/wp-content\/uploads\/2026\/02\/anna-banytiuk-gfu-2026-02-24-723x1024.jpg"},{"@type":"BreadcrumbList","@id":"https:\/\/www.ig.cas.cz\/en\/exhibition-opening-24-2-anna-banytiuk-i-carry-my-home-with-me\/#breadcrumb","itemListElement":[{"@type":"ListItem","position":1,"name":"Dom\u016f","item":"https:\/\/www.ig.cas.cz\/en\/"},{"@type":"ListItem","position":2,"name":"Exhibition Opening 24.&nbsp;2. \u2013 Anna Banytiuk: I&nbsp;Carry My Home With Me"}]},{"@type":"WebSite","@id":"https:\/\/www.ig.cas.cz\/#website","url":"https:\/\/www.ig.cas.cz\/","name":"Dom\u016f","description":"Geofyzik\u00e1ln\u00ed \u00fastav Akademie v\u011bd \u010cR, v.v.i.","potentialAction":[{"@type":"SearchAction","target":{"@type":"EntryPoint","urlTemplate":"https:\/\/www.ig.cas.cz\/?s={search_term_string}"},"query-input":{"@type":"PropertyValueSpecification","valueRequired":true,"valueName":"search_term_string"}}],"inLanguage":"en-US"},{"@type":"Person","@id":"https:\/\/www.ig.cas.cz\/#\/schema\/person\/79bf33ef91a2f289567fba1d2a66ba44","name":"Lucie Crippa","url":"https:\/\/www.ig.cas.cz\/en\/author\/crippa\/"}]}},"_links":{"self":[{"href":"https:\/\/www.ig.cas.cz\/en\/wp-json\/wp\/v2\/posts\/43723","targetHints":{"allow":["GET"]}}],"collection":[{"href":"https:\/\/www.ig.cas.cz\/en\/wp-json\/wp\/v2\/posts"}],"about":[{"href":"https:\/\/www.ig.cas.cz\/en\/wp-json\/wp\/v2\/types\/post"}],"author":[{"embeddable":true,"href":"https:\/\/www.ig.cas.cz\/en\/wp-json\/wp\/v2\/users\/32"}],"replies":[{"embeddable":true,"href":"https:\/\/www.ig.cas.cz\/en\/wp-json\/wp\/v2\/comments?post=43723"}],"version-history":[{"count":1,"href":"https:\/\/www.ig.cas.cz\/en\/wp-json\/wp\/v2\/posts\/43723\/revisions"}],"predecessor-version":[{"id":43724,"href":"https:\/\/www.ig.cas.cz\/en\/wp-json\/wp\/v2\/posts\/43723\/revisions\/43724"}],"wp:attachment":[{"href":"https:\/\/www.ig.cas.cz\/en\/wp-json\/wp\/v2\/media?parent=43723"}],"wp:term":[{"taxonomy":"category","embeddable":true,"href":"https:\/\/www.ig.cas.cz\/en\/wp-json\/wp\/v2\/categories?post=43723"},{"taxonomy":"post_tag","embeddable":true,"href":"https:\/\/www.ig.cas.cz\/en\/wp-json\/wp\/v2\/tags?post=43723"}],"curies":[{"name":"wp","href":"https:\/\/api.w.org\/{rel}","templated":true}]}}